{"id":520,"date":"2025-02-26T10:50:03","date_gmt":"2025-02-26T17:50:03","guid":{"rendered":"https:\/\/cms.eas.ualberta.ca\/gasi\/?p=520"},"modified":"2025-02-26T10:52:45","modified_gmt":"2025-02-26T17:52:45","slug":"2025-dr-alvin-harvey","status":"publish","type":"post","link":"https:\/\/cms.eas.ualberta.ca\/gasi\/2025\/02\/26\/2025-dr-alvin-harvey\/","title":{"rendered":"2025 &#8211; Dr. Alvin Harvey"},"content":{"rendered":"<h3>Healing Earth, Envisioning Space: Indigenous Knowledge and Partnerships for a Resilient Future<\/p>\n<p>Thursday, February 27 at 12PM (MDT)<br \/>\nCameron Library 2-20-A, Digital Scholarship Centre <\/h3>\n<p><strong>Bio:<\/strong><\/p>\n<p>Sh\u00ed \u00e9\u00ed Alvin Harvey yinishy\u00e9. T\u00f3 baazhni\u2019\u00e1zhi nish\u0142\u012f\u0301. Hon\u00e1gh\u00e1ahnii bashishchiin. D\u00e1ghaa\u0142ch\u00ed\u00ed\u02bc dashicheii. Kiyaa\u2019\u00e1anii dashinal\u00ed. My name is Alvin Harvey, I am Din\u00e9, a citizen of the Navajo Nation, and of the Two-Who-Came-to-the-Water Clan, born for the One-Walks-Around Clan; my maternal grandfather is of Irish descent and my paternal grandfather is of the Towering-House Clan.<\/p>\n<p>I am originally from Aztec, NM and Thoreau, NM, and currently reside in the land of Wampanoag and Massachusett as a Postdoctoral Fellow at the Massachusetts Institute of Technology. My continuing service and passion are towards the continuing healing of our relationships with Earth and Space environments through Indigenous research systems and engineering. By weaving together shared and Din\u00e9 specific research methodologies and methods for astrobiology, satellites systems, astronaut analogs, and education I continue to strive to learn how to be a good relative.<\/p>\n","protected":false},"excerpt":{"rendered":"<p>Healing Earth, Envisioning Space: Indigenous Knowledge and Partnerships for a Resilient Future Thursday, February 27 at 12PM (MDT) Cameron Library 2-20-A, Digital Scholarship Centre Bio: Sh\u00ed \u00e9\u00ed Alvin Harvey yinishy\u00e9. T\u00f3 baazhni\u2019\u00e1zhi nish\u0142\u012f\u0301. Hon\u00e1gh\u00e1ahnii bashishchiin. D\u00e1ghaa\u0142ch\u00ed\u00ed\u02bc dashicheii. Kiyaa\u2019\u00e1anii dashinal\u00ed. My<\/p>\n","protected":false},"author":43,"featured_media":0,"comment_status":"closed","ping_status":"closed","sticky":false,"template":"","format":"standard","meta":{"footnotes":""},"categories":[3],"tags":[],"class_list":["post-520","post","type-post","status-publish","format-standard","hentry","category-speaker-series"],"_links":{"self":[{"href":"https:\/\/cms.eas.ualberta.ca\/gasi\/wp-json\/wp\/v2\/posts\/520","targetHints":{"allow":["GET"]}}],"collection":[{"href":"https:\/\/cms.eas.ualberta.ca\/gasi\/wp-json\/wp\/v2\/posts"}],"about":[{"href":"https:\/\/cms.eas.ualberta.ca\/gasi\/wp-json\/wp\/v2\/types\/post"}],"author":[{"embeddable":true,"href":"https:\/\/cms.eas.ualberta.ca\/gasi\/wp-json\/wp\/v2\/users\/43"}],"replies":[{"embeddable":true,"href":"https:\/\/cms.eas.ualberta.ca\/gasi\/wp-json\/wp\/v2\/comments?post=520"}],"version-history":[{"count":5,"href":"https:\/\/cms.eas.ualberta.ca\/gasi\/wp-json\/wp\/v2\/posts\/520\/revisions"}],"predecessor-version":[{"id":525,"href":"https:\/\/cms.eas.ualberta.ca\/gasi\/wp-json\/wp\/v2\/posts\/520\/revisions\/525"}],"wp:attachment":[{"href":"https:\/\/cms.eas.ualberta.ca\/gasi\/wp-json\/wp\/v2\/media?parent=520"}],"wp:term":[{"taxonomy":"category","embeddable":true,"href":"https:\/\/cms.eas.ualberta.ca\/gasi\/wp-json\/wp\/v2\/categories?post=520"},{"taxonomy":"post_tag","embeddable":true,"href":"https:\/\/cms.eas.ualberta.ca\/gasi\/wp-json\/wp\/v2\/tags?post=520"}],"curies":[{"name":"wp","href":"https:\/\/api.w.org\/{rel}","templated":true}]}}